{"id":3412,"date":"2021-05-29T16:38:22","date_gmt":"2021-05-29T14:38:22","guid":{"rendered":"https:\/\/musik-in-st-martin.de\/n12\/?p=3412"},"modified":"2021-07-28T19:13:13","modified_gmt":"2021-07-28T17:13:13","slug":"musikalische-andacht-mit-klaviermusik-am-13-juni-2021","status":"publish","type":"post","link":"https:\/\/musik-in-st-martin.de\/n12\/musikalische-andacht-mit-klaviermusik-am-13-juni-2021\/","title":{"rendered":"Musikalische Andacht mit Klaviermusik am 13. Juni 2021"},"content":{"rendered":"<p><div id=\"attachment_3435\" style=\"width: 310px\" class=\"wp-caption aligncenter\"><a href=\"https:\/\/musik-in-st-martin.de\/n12\/wp-content\/uploads\/2021\/06\/20210613.Musikalische_Andacht_Cello_Klavier.jpg\"><img loading=\"lazy\" decoding=\"async\" aria-describedby=\"caption-attachment-3435\" src=\"https:\/\/musik-in-st-martin.de\/n12\/wp-content\/uploads\/2021\/06\/20210613.Musikalische_Andacht_Cello_Klavier-300x212.jpg\" alt=\"\" width=\"300\" height=\"212\" class=\"size-medium wp-image-3435\" srcset=\"https:\/\/musik-in-st-martin.de\/n12\/wp-content\/uploads\/2021\/06\/20210613.Musikalische_Andacht_Cello_Klavier-300x212.jpg 300w, https:\/\/musik-in-st-martin.de\/n12\/wp-content\/uploads\/2021\/06\/20210613.Musikalische_Andacht_Cello_Klavier-1024x724.jpg 1024w, https:\/\/musik-in-st-martin.de\/n12\/wp-content\/uploads\/2021\/06\/20210613.Musikalische_Andacht_Cello_Klavier-768x543.jpg 768w, https:\/\/musik-in-st-martin.de\/n12\/wp-content\/uploads\/2021\/06\/20210613.Musikalische_Andacht_Cello_Klavier-424x300.jpg 424w, https:\/\/musik-in-st-martin.de\/n12\/wp-content\/uploads\/2021\/06\/20210613.Musikalische_Andacht_Cello_Klavier.jpg 1169w\" sizes=\"auto, (max-width: 300px) 100vw, 300px\" \/><\/a><p id=\"caption-attachment-3435\" class=\"wp-caption-text\">Musikalische Andacht 13.06.2021<\/p><\/div><br \/>\nAm Sonntag, 13. Juni 2021, um 15 Uhr spielen Fedor Grigoriev (Cello) und Viacheslav Shelepov (Klavier) in der Martinskirche Werke von W.F. Bach und Beethoven.<\/p>\n<p>Fedor Grigoriev (*1994 in Ru\u00dfland) studiert seit 2015 an der Hochschule f\u00fcr Musik, Theater und Medien in Hannover in der Cello-Klasse von Leonid Gorokhov. 2013 bis 2015 studierte er am Staatlichen Moskauer P.-I.-Tschaikowsky-Konservatorium in der Klasse von A. Seleznev. 2014 war er Preistr\u00e4ger beim \u201e5th International \u201cS. I. Taneev\u201d Chamber Music Competition\u201c.<\/p>\n<p>Viacheslav Shelepov (*1991 in Barnaul, Ru\u00dfland) spielt sowohl auf dem historischen als auch auf dem modernen Klavier und ist in einer Vielzahl von Musikstilen bewandert. Nach musikalischer Ausbildung und dem Studium in Ru\u00dfland u.a. am Staatlichen Altai Music College und dem Staatlichen Moskauer P.-I.-Tschaikowsky-Konservatorium, das er 2016 mit Auszeichnung abschloss, kam er nach Hannover. Zurzeit studiert er an der Hochschule f\u00fcr Musik, Theater und Medien bei Zvi Meneker und bereitet sich auf seien Abschluss in der Soloklasse vor.<br \/>\nAls Solist und Kammermusiker konzertierte Viacheslav Shelepov bereits in verschiedenen europ\u00e4ischen L\u00e4ndern und wurde bei acht internationalen Klavier- und Hammerfl\u00fcgel-Wettbewerben als Preistr\u00e4ger ausgezeichnet. <\/p>\n<p>Liturgie: Pastor Martin H\u00e4usler<\/p>\n","protected":false},"excerpt":{"rendered":"<p>Am Sonntag, 13. Juni 2021, um 15 Uhr spielen Fedor Grigoriev (Cello) und Viacheslav Shelepov (Klavier) in der Martinskirche Werke von W.F. Bach und Beethoven. Fedor Grigoriev (*1994 in Ru\u00dfland) studiert seit 2015 an der Hochschule f\u00fcr Musik, Theater und &hellip; <a href=\"https:\/\/musik-in-st-martin.de\/n12\/musikalische-andacht-mit-klaviermusik-am-13-juni-2021\/\">Weiterlesen <span class=\"meta-nav\">&rarr;<\/span><\/a><\/p>\n","protected":false},"author":2,"featured_media":0,"comment_status":"closed","ping_status":"open","sticky":false,"template":"","format":"standard","meta":{"footnotes":""},"categories":[1],"tags":[119,108],"class_list":["post-3412","post","type-post","status-publish","format-standard","hentry","category-allgemein","tag-cello","tag-klavier"],"_links":{"self":[{"href":"https:\/\/musik-in-st-martin.de\/n12\/wp-json\/wp\/v2\/posts\/3412","targetHints":{"allow":["GET"]}}],"collection":[{"href":"https:\/\/musik-in-st-martin.de\/n12\/wp-json\/wp\/v2\/posts"}],"about":[{"href":"https:\/\/musik-in-st-martin.de\/n12\/wp-json\/wp\/v2\/types\/post"}],"author":[{"embeddable":true,"href":"https:\/\/musik-in-st-martin.de\/n12\/wp-json\/wp\/v2\/users\/2"}],"replies":[{"embeddable":true,"href":"https:\/\/musik-in-st-martin.de\/n12\/wp-json\/wp\/v2\/comments?post=3412"}],"version-history":[{"count":5,"href":"https:\/\/musik-in-st-martin.de\/n12\/wp-json\/wp\/v2\/posts\/3412\/revisions"}],"predecessor-version":[{"id":3438,"href":"https:\/\/musik-in-st-martin.de\/n12\/wp-json\/wp\/v2\/posts\/3412\/revisions\/3438"}],"wp:attachment":[{"href":"https:\/\/musik-in-st-martin.de\/n12\/wp-json\/wp\/v2\/media?parent=3412"}],"wp:term":[{"taxonomy":"category","embeddable":true,"href":"https:\/\/musik-in-st-martin.de\/n12\/wp-json\/wp\/v2\/categories?post=3412"},{"taxonomy":"post_tag","embeddable":true,"href":"https:\/\/musik-in-st-martin.de\/n12\/wp-json\/wp\/v2\/tags?post=3412"}],"curies":[{"name":"wp","href":"https:\/\/api.w.org\/{rel}","templated":true}]}}