{"id":1873,"date":"2017-04-24T17:50:38","date_gmt":"2017-04-24T15:50:38","guid":{"rendered":"http:\/\/musik-in-st-martin.de\/n12\/?p=1873"},"modified":"2019-06-14T11:59:30","modified_gmt":"2019-06-14T09:59:30","slug":"23-04-band-gottesdienst-in-st-martin-mit-til-von-dombois","status":"publish","type":"post","link":"https:\/\/musik-in-st-martin.de\/n12\/23-04-band-gottesdienst-in-st-martin-mit-til-von-dombois\/","title":{"rendered":"23.04.: Band-Gottesdienst in St. Martin mit Til von Dombois"},"content":{"rendered":"<p><a href=\"http:\/\/musik-in-st-martin.de\/n12\/wp-content\/uploads\/2017\/04\/201704_ScreenPopkantor.png\"><img loading=\"lazy\" decoding=\"async\" class=\"wp-image-1875 alignright\" src=\"http:\/\/musik-in-st-martin.de\/n12\/wp-content\/uploads\/2017\/04\/201704_ScreenPopkantor-300x199.png\" alt=\"\" width=\"250\" height=\"169\" \/><\/a>Im Rahmen der Konzertreihe \u00bbMusik in St. Martin\u00ab gab es am 23. April einen Band-Gottesdienst mit dem \u00bbPopkantor\u00ab Til von Dombois.<\/p>\n<p>Screenshot:\u00a0<a href=\"http:\/\/www.popkantor.tv\">Popkantor.tv<\/a> <!--more-->Als Popkantor hat Til von Dombois in den letzten f\u00fcnf Jahren die moderne christliche Popmusik im Raum Hannover oder dar\u00fcber hinaus beliebt gemacht. Er war f\u00fcr dieses Projekt beim Stadtkirchenverband Hannover und dem Kirchenkreis Laatzen-Springe als Popkantor angestellt. Mittlerweile tritt der Musiker mit seiner Band in bis zu 40 Gottesdiensten pro Jahr auf. Am 23. April kam er zu uns und spielte um 11:00 Uhr im Band-Gottesdienst. Einige Foto-Impressionen finden Sie hier: <a href=\"http:\/\/www.popkantor.tv\/js_photo_albums\/st-martin-linden-konfi-gottesdienst\/\">http:\/\/www.popkantor.tv\/js_photo_albums\/st-martin-linden-konfi-gottesdienst\/ <\/a><\/p>\n<p>Mehr zu Til von Dombois und dem Projekt \u00bbPopkantor\u00ab k\u00f6nnen Sie hier lesen, sehen und h\u00f6ren:<br \/>\n<a href=\"http:\/\/www.popkantor.tv\/\" target=\"_blank\" rel=\"noopener noreferrer\">http:\/\/www.popkantor.tv\/<\/a><br \/>\n<a href=\"http:\/\/www.tilvondombois.com\/biography\/\" target=\"_blank\" rel=\"noopener noreferrer\">http:\/\/www.tilvondombois.com\/biography\/ <\/a><br \/>\n<a href=\"http:\/\/www.haz.de\/Hannover\/Aus-der-Region\/Pattensen\/Nachrichten\/Das-Projekt-Popkantor-ist-beendet-und-Til-von-Dombois-zieht-in-Pattensen-Bilanz\" target=\"_blank\" rel=\"noopener noreferrer\">http:\/\/www.haz.de\/Hannover\/Aus-der-Region\/Pattensen\/Nachrichten\/Das-Projekt-Popkantor-ist-beendet-und-Til-von-Dombois-zieht-in-Pattensen-Bilanz<\/a><\/p>\n","protected":false},"excerpt":{"rendered":"<p>Im Rahmen der Konzertreihe \u00bbMusik in St. Martin\u00ab gab es am 23. April einen Band-Gottesdienst mit dem \u00bbPopkantor\u00ab Til von Dombois. Screenshot:\u00a0Popkantor.tv<\/p>\n","protected":false},"author":8,"featured_media":0,"comment_status":"closed","ping_status":"open","sticky":false,"template":"","format":"standard","meta":{"footnotes":""},"categories":[35],"tags":[],"class_list":["post-1873","post","type-post","status-publish","format-standard","hentry","category-archiv"],"_links":{"self":[{"href":"https:\/\/musik-in-st-martin.de\/n12\/wp-json\/wp\/v2\/posts\/1873","targetHints":{"allow":["GET"]}}],"collection":[{"href":"https:\/\/musik-in-st-martin.de\/n12\/wp-json\/wp\/v2\/posts"}],"about":[{"href":"https:\/\/musik-in-st-martin.de\/n12\/wp-json\/wp\/v2\/types\/post"}],"author":[{"embeddable":true,"href":"https:\/\/musik-in-st-martin.de\/n12\/wp-json\/wp\/v2\/users\/8"}],"replies":[{"embeddable":true,"href":"https:\/\/musik-in-st-martin.de\/n12\/wp-json\/wp\/v2\/comments?post=1873"}],"version-history":[{"count":11,"href":"https:\/\/musik-in-st-martin.de\/n12\/wp-json\/wp\/v2\/posts\/1873\/revisions"}],"predecessor-version":[{"id":2063,"href":"https:\/\/musik-in-st-martin.de\/n12\/wp-json\/wp\/v2\/posts\/1873\/revisions\/2063"}],"wp:attachment":[{"href":"https:\/\/musik-in-st-martin.de\/n12\/wp-json\/wp\/v2\/media?parent=1873"}],"wp:term":[{"taxonomy":"category","embeddable":true,"href":"https:\/\/musik-in-st-martin.de\/n12\/wp-json\/wp\/v2\/categories?post=1873"},{"taxonomy":"post_tag","embeddable":true,"href":"https:\/\/musik-in-st-martin.de\/n12\/wp-json\/wp\/v2\/tags?post=1873"}],"curies":[{"name":"wp","href":"https:\/\/api.w.org\/{rel}","templated":true}]}}