{"id":1705,"date":"2016-12-06T17:58:23","date_gmt":"2016-12-06T16:58:23","guid":{"rendered":"http:\/\/musik-in-st-martin.de\/n12\/?p=1705"},"modified":"2019-06-14T12:00:02","modified_gmt":"2019-06-14T10:00:02","slug":"gottesdienste-zu-weihnachten-mit-viel-musik","status":"publish","type":"post","link":"https:\/\/musik-in-st-martin.de\/n12\/gottesdienste-zu-weihnachten-mit-viel-musik\/","title":{"rendered":"Gottesdienste zu Weihnachten 2016 mit viel Musik"},"content":{"rendered":"<p>Auch in diesem Jahr boten wir Ihnen zu Weihnachten viel Musik in den Gottesdiensten in der St. Martinskirche Hannover-Linden.<\/p>\n<p><a href=\"http:\/\/musik-in-st-martin.de\/n12\/wp-content\/uploads\/2014\/10\/fvkmstm_483.jpg\"><img loading=\"lazy\" decoding=\"async\" class=\"wp-image-1005 aligncenter\" src=\"http:\/\/musik-in-st-martin.de\/n12\/wp-content\/uploads\/2014\/10\/fvkmstm_483-300x86.jpg\" alt=\"\" width=\"301\" height=\"93\" \/><\/a><!--more--><\/p>\n<p>Das begann mit dem traditionellen <strong>Krippenspiel an Heiligabend <\/strong>um 16 Uhr, mit dem Titel \u00bbIn einem Stall in Bethlehem\u00ab. Gestaltet wurde es von den musikalischen Kinder- und Jugendgruppen. Der Jugendchor hatte das Krippenspiel erarbeitet, und seine Mitglieder stellten das St\u00fcck auch dar. Dazu sang der Kinderchor und trug ein \u00bbLichterspiel&#8220; vor. Begleitet wurde das Ganze von einem kleinem Orchester, das Jugendliche aus den Fl\u00f6tengruppen zusammen bildeten. Viel Aufregung bei den jungen MusikerInnen und DarstellerInnen und ein stimmungsvoller Auftakt!<br \/>\n<strong>\u21d2 24. Dezember 2015 um 16 Uhr<\/strong><\/p>\n<p>F\u00fcr Freunde der <strong>Blechblasmusik<\/strong> war der zweite Gottesdienst an Heiligabend gedacht. Dieser \u00bbMusikalische Gottesdienst zur Christvesper\u00ab um 18 Uhr wurde vom Posaunenchor St. Martin gestaltet, unter der Leitung von Hartmut S\u00fc\u00df.<br \/>\n<strong>\u21d2 24. Dezember 2015 um 18 Uhr<\/strong><\/p>\n<p>Einen <strong>besinnlichen Ausklang<\/strong> des Heiligabends bot Ihnen unser drittes Angebot, der \u00bbMusikalische Gottesdienst zur Christnacht\u00ab. Um 23 Uhr sang die Kantorei St. Martin unter der Leitung von Annette Samse. Bei Kerzenschein waren unter anderem zwei S\u00e4tze aus dem Weihnachtsoratorium von Camille Saint-Saens erneut zu h\u00f6ren, mit dem der Chor im letzten Jahr im Dezember erfolgreich aufgetreten war.<br \/>\nKlangvoller Abschluss: Direkt nach dem Christnachtgottesdienst erklangen die schon traditionellen Chor\u00e4le des Posaunenchors vom Kirchturm.<br \/>\n<strong>\u21d2 24. Dezember 2015 um 23 Uhr<\/strong><\/p>\n<p>Last but not least war der \u00bbMusikalische<strong> Gottesdienst unterm Weihnachtsbaum<\/strong>\u00ab am 1. Weihnachtstag etwas ganz Besonderes. Hier sa\u00df die Gemeinde nicht in den Kirchenb\u00e4nken, sondern tats\u00e4chlich \u00bbunter dem Weihnachtsbaum\u00ab, und musiziert wurde im Altarraum. Es spielte das Blockfl\u00f6tenensemble St. Martin unter der Leitung von Annette Samse.<br \/>\n<strong>\u21d2 25. Dezember 2015 um 10 Uhr<\/strong><\/p>\n","protected":false},"excerpt":{"rendered":"<p>Auch in diesem Jahr boten wir Ihnen zu Weihnachten viel Musik in den Gottesdiensten in der St. Martinskirche Hannover-Linden.<\/p>\n","protected":false},"author":8,"featured_media":0,"comment_status":"closed","ping_status":"open","sticky":false,"template":"","format":"standard","meta":{"footnotes":""},"categories":[35],"tags":[],"class_list":["post-1705","post","type-post","status-publish","format-standard","hentry","category-archiv"],"_links":{"self":[{"href":"https:\/\/musik-in-st-martin.de\/n12\/wp-json\/wp\/v2\/posts\/1705","targetHints":{"allow":["GET"]}}],"collection":[{"href":"https:\/\/musik-in-st-martin.de\/n12\/wp-json\/wp\/v2\/posts"}],"about":[{"href":"https:\/\/musik-in-st-martin.de\/n12\/wp-json\/wp\/v2\/types\/post"}],"author":[{"embeddable":true,"href":"https:\/\/musik-in-st-martin.de\/n12\/wp-json\/wp\/v2\/users\/8"}],"replies":[{"embeddable":true,"href":"https:\/\/musik-in-st-martin.de\/n12\/wp-json\/wp\/v2\/comments?post=1705"}],"version-history":[{"count":17,"href":"https:\/\/musik-in-st-martin.de\/n12\/wp-json\/wp\/v2\/posts\/1705\/revisions"}],"predecessor-version":[{"id":1942,"href":"https:\/\/musik-in-st-martin.de\/n12\/wp-json\/wp\/v2\/posts\/1705\/revisions\/1942"}],"wp:attachment":[{"href":"https:\/\/musik-in-st-martin.de\/n12\/wp-json\/wp\/v2\/media?parent=1705"}],"wp:term":[{"taxonomy":"category","embeddable":true,"href":"https:\/\/musik-in-st-martin.de\/n12\/wp-json\/wp\/v2\/categories?post=1705"},{"taxonomy":"post_tag","embeddable":true,"href":"https:\/\/musik-in-st-martin.de\/n12\/wp-json\/wp\/v2\/tags?post=1705"}],"curies":[{"name":"wp","href":"https:\/\/api.w.org\/{rel}","templated":true}]}}