{"id":1695,"date":"2016-11-30T14:28:00","date_gmt":"2016-11-30T13:28:00","guid":{"rendered":"http:\/\/musik-in-st-martin.de\/n12\/?p=1695"},"modified":"2019-06-14T12:00:12","modified_gmt":"2019-06-14T10:00:12","slug":"jahresprogramm-2017-erschienen","status":"publish","type":"post","link":"https:\/\/musik-in-st-martin.de\/n12\/jahresprogramm-2017-erschienen\/","title":{"rendered":"Jahresprogramm 2017 erschienen"},"content":{"rendered":"<div id=\"attachment_1728\" style=\"width: 191px\" class=\"wp-caption alignright\"><a href=\"http:\/\/musik-in-st-martin.de\/n12\/wp-content\/uploads\/2016\/11\/FVKM_Programm2017_titel.png\"><img loading=\"lazy\" decoding=\"async\" aria-describedby=\"caption-attachment-1728\" class=\"wp-image-1728\" src=\"http:\/\/musik-in-st-martin.de\/n12\/wp-content\/uploads\/2016\/11\/FVKM_Programm2017_titel-148x300.png\" alt=\"fvkm_programm2017_titel\" width=\"181\" height=\"353\" \/><\/a><p id=\"caption-attachment-1728\" class=\"wp-caption-text\">Titel (Flyer: Alexander Paul)<\/p><\/div>\n<p>Mittlerweile schon eine gute Tradition: Auch f\u00fcr 2017 hat der F\u00f6rderverein wie zuvor ein gedrucktes Jahresprogramm \u00bbMusik in St. Martin\u00ab herausgeben. Darin finden Sie alle bis Drucklegung bekannten musikalischen Termine: Auftrittstermine und Konzerte der Musikgruppen aus St. Martin und die weiteren musikalischen Veranstaltungen des F\u00f6rdervereins.<\/p>\n<p>Vom Neujahrskonzert mit dem \u00bbHauptstadtblech\u00ab \u00fcber den Musical-Gottesdienst \u00bbWassermusik\u00ab und das Orgelkonzert \u00bbGanz gro\u00dfes Kino\u00ab bis zum \u00bbFestgottesdienst unter&#8217;m Weihnachtsbaum\u00ab: Es ist bestimmt f\u00fcr viele musikalisch Interessierte etwas dabei. Nicht zuletzt kommen auch die Themen Reformation und Luther nicht zu kurz.<\/p>\n<p>Der vom F\u00f6rderverein finanzierte Programmflyer liegt wie gewohnt in der Kirche, im Gemeindeb\u00fcro und im Gemeindehaus aus. Sie k\u00f6nnen sich das <a href=\"http:\/\/musik-in-st-martin.de\/n12\/wp-content\/uploads\/2012\/11\/FVKM_Programm2017_11-2016_Web.pdf\">Jahresprogramm 2017 Musik in St. Martin<\/a> auch als PDF-Datei herunterladen.<\/p>\n<p>Hier finden Sie noch einmal das <a href=\"http:\/\/musik-in-st-martin.de\/n12\/wp-content\/uploads\/2016\/01\/FVKM-programm-2016.pdf\">Jahresprogramm 2016<\/a> zum Herunterladen.<\/p>\n","protected":false},"excerpt":{"rendered":"<p>Mittlerweile schon eine gute Tradition: Auch f\u00fcr 2017 hat der F\u00f6rderverein wie zuvor ein gedrucktes Jahresprogramm \u00bbMusik in St. Martin\u00ab herausgeben. Darin finden Sie alle bis Drucklegung bekannten musikalischen Termine: Auftrittstermine und Konzerte der Musikgruppen aus St. Martin und die &hellip; <a href=\"https:\/\/musik-in-st-martin.de\/n12\/jahresprogramm-2017-erschienen\/\">Weiterlesen <span class=\"meta-nav\">&rarr;<\/span><\/a><\/p>\n","protected":false},"author":8,"featured_media":0,"comment_status":"closed","ping_status":"open","sticky":false,"template":"","format":"standard","meta":{"footnotes":""},"categories":[35],"tags":[],"class_list":["post-1695","post","type-post","status-publish","format-standard","hentry","category-archiv"],"_links":{"self":[{"href":"https:\/\/musik-in-st-martin.de\/n12\/wp-json\/wp\/v2\/posts\/1695","targetHints":{"allow":["GET"]}}],"collection":[{"href":"https:\/\/musik-in-st-martin.de\/n12\/wp-json\/wp\/v2\/posts"}],"about":[{"href":"https:\/\/musik-in-st-martin.de\/n12\/wp-json\/wp\/v2\/types\/post"}],"author":[{"embeddable":true,"href":"https:\/\/musik-in-st-martin.de\/n12\/wp-json\/wp\/v2\/users\/8"}],"replies":[{"embeddable":true,"href":"https:\/\/musik-in-st-martin.de\/n12\/wp-json\/wp\/v2\/comments?post=1695"}],"version-history":[{"count":9,"href":"https:\/\/musik-in-st-martin.de\/n12\/wp-json\/wp\/v2\/posts\/1695\/revisions"}],"predecessor-version":[{"id":1811,"href":"https:\/\/musik-in-st-martin.de\/n12\/wp-json\/wp\/v2\/posts\/1695\/revisions\/1811"}],"wp:attachment":[{"href":"https:\/\/musik-in-st-martin.de\/n12\/wp-json\/wp\/v2\/media?parent=1695"}],"wp:term":[{"taxonomy":"category","embeddable":true,"href":"https:\/\/musik-in-st-martin.de\/n12\/wp-json\/wp\/v2\/categories?post=1695"},{"taxonomy":"post_tag","embeddable":true,"href":"https:\/\/musik-in-st-martin.de\/n12\/wp-json\/wp\/v2\/tags?post=1695"}],"curies":[{"name":"wp","href":"https:\/\/api.w.org\/{rel}","templated":true}]}}