{"id":1666,"date":"2016-12-04T17:22:18","date_gmt":"2016-12-04T16:22:18","guid":{"rendered":"http:\/\/musik-in-st-martin.de\/n12\/?p=1666"},"modified":"2019-06-14T12:00:06","modified_gmt":"2019-06-14T10:00:06","slug":"3-dezember-adventskonzert-mit-dem-mandolinen-und-gitarrenensemble-empelde","status":"publish","type":"post","link":"https:\/\/musik-in-st-martin.de\/n12\/3-dezember-adventskonzert-mit-dem-mandolinen-und-gitarrenensemble-empelde\/","title":{"rendered":"3.12.2016: Adventskonzert mit dem Mandolinen- und Gitarrenensemble Empelde"},"content":{"rendered":"<div id=\"attachment_1667\" style=\"width: 183px\" class=\"wp-caption alignright\"><a href=\"http:\/\/musik-in-st-martin.de\/n12\/wp-content\/uploads\/2016\/11\/20161203_KonzertMandolinenorchesterEmpelde.png\"><img loading=\"lazy\" decoding=\"async\" aria-describedby=\"caption-attachment-1667\" class=\"wp-image-1667\" src=\"http:\/\/musik-in-st-martin.de\/n12\/wp-content\/uploads\/2016\/11\/20161203_KonzertMandolinenorchesterEmpelde-212x300.png\" alt=\"20161203_konzertmandolinenorchesterempelde\" width=\"173\" height=\"240\" \/><\/a><p id=\"caption-attachment-1667\" class=\"wp-caption-text\">(Plakat: Alexander Paul)<\/p><\/div>\n<p>Zum 2. Advent gab es einen besonderen musikalischen Leckerbissen: Das <strong>Mandolinen- und Gitarrenorchester Empelde<\/strong> von 1927 e. V. musizierte unter der Leitung von Friedrich und Laura Engelmann am 3. Dezember um 17:00 Uhr in der St. Martins-Kirche, Hannover-Linden.<\/p>\n<p><!--more--><\/p>\n<p>Der Eintritt war frei; um Spenden wurde gebeten.<\/p>\n<p>Das Empelder Orchester verf\u00fcgt \u00fcber ein abwechslungsreiches Repertoire aus allen Epochen und Stilrichtungen und hat seit 1977 \u00fcber 150 Konzerte gegeben. Es wirkt bei regionalen und \u00fcberregionalen Veranstaltungen mit, u. a. der Veranstaltungsreihe \u00bbMusik f\u00fcr Spazierg\u00e4nger\u00ab in der Klosterkirche in Hannover-Marienwerder. Besondere H\u00f6hepunkte waren Konzerte in Italien und Frankreich sowie die regelm\u00e4\u00dfige Teilnahme an Wettbewerben und Musikfestivals, z. B. dem \u00bbEurofestival Zupfmusik 2014\u00ab in Bruchsal. 2016 hat sich das MGO Empelde bereits zum achten Mal in Folge f\u00fcr den Deutschen Orchesterwettbewerb qualifizieren k\u00f6nnen. 1990 hat das Orchester die Schallplatte \u00bbFolk Rag Volksmusik\u00ab aufgenommen, und 1996 folgte, mit Unterst\u00fctzung des NDR Radio Niedersachsen, die CD \u00bbSaitenweise\u00ab. Auskopplungen aus dieser CD werden bis heute im regionalen H\u00f6rfunk gesendet.<\/p>\n<p>Eine lange musikalische Tradition, die von gut ausgebildeten und motivierten Spielern sowie von sehr engagierten Dirigenten gepr\u00e4gt ist. Bereits 1927 wurde das Orchester als \u00bbMusikfreunde von 1927\u00ab von Friedrich Engelmann sen. (1908\u20131988) gegr\u00fcndet. Einen Neubeginn erfuhr das Orchester Anfang der 70er Jahre durch den Vereinsgr\u00fcnder Friedrich Engelmann sen. und seinen Sohn Friedrich Engelmann jun. Heute wird das Orchester von Friedrich Engelmann und seiner Tochter Laura Engelmann gemeinsam geleitet.<\/p>\n<p>Einen wichtigen Schwerpunkt bildet die Ausbildung des Nachwuchses f\u00fcr die Instrumente Mandoline, Mandola, Gitarre und Kontraba\u00df. Besonders talentierte SpielerInnen nehmen am Wettbewerb \u00bbJugend musiziert\u00ab teil und errangen Preise auch im Bundeswettbewerb. Neben dem Hauptorchester mit ca. 35 Spielern und den \u00bbMGO Kids\u00ab mit ca. 30 Spielern geh\u00f6rt noch das Jugendzupforchester mit ca. 25 Spielern zum Verein.<\/p>\n<p>Der Gastauftritt des Mandolinen- und Gitarrenorchester Empelde ist der Abschluss der diesj\u00e4hrigen Reihe mit Konzerten externer Musik-Ensembles. Diese erfolgreiche Reihe mit vier Konzerten pro Jahr wird seit 2015 von unserer Kantorin Annette Samse organisiert. Der F\u00f6rderverein f\u00fcr die Kirchenmusik in St. Martin unterst\u00fctzt die Reihe finanziell.<\/p>\n","protected":false},"excerpt":{"rendered":"<p>Zum 2. Advent gab es einen besonderen musikalischen Leckerbissen: Das Mandolinen- und Gitarrenorchester Empelde von 1927 e. V. musizierte unter der Leitung von Friedrich und Laura Engelmann am 3. Dezember um 17:00 Uhr in der St. Martins-Kirche, Hannover-Linden.<\/p>\n","protected":false},"author":8,"featured_media":0,"comment_status":"closed","ping_status":"open","sticky":false,"template":"","format":"standard","meta":{"footnotes":""},"categories":[35],"tags":[],"class_list":["post-1666","post","type-post","status-publish","format-standard","hentry","category-archiv"],"_links":{"self":[{"href":"https:\/\/musik-in-st-martin.de\/n12\/wp-json\/wp\/v2\/posts\/1666","targetHints":{"allow":["GET"]}}],"collection":[{"href":"https:\/\/musik-in-st-martin.de\/n12\/wp-json\/wp\/v2\/posts"}],"about":[{"href":"https:\/\/musik-in-st-martin.de\/n12\/wp-json\/wp\/v2\/types\/post"}],"author":[{"embeddable":true,"href":"https:\/\/musik-in-st-martin.de\/n12\/wp-json\/wp\/v2\/users\/8"}],"replies":[{"embeddable":true,"href":"https:\/\/musik-in-st-martin.de\/n12\/wp-json\/wp\/v2\/comments?post=1666"}],"version-history":[{"count":12,"href":"https:\/\/musik-in-st-martin.de\/n12\/wp-json\/wp\/v2\/posts\/1666\/revisions"}],"predecessor-version":[{"id":1946,"href":"https:\/\/musik-in-st-martin.de\/n12\/wp-json\/wp\/v2\/posts\/1666\/revisions\/1946"}],"wp:attachment":[{"href":"https:\/\/musik-in-st-martin.de\/n12\/wp-json\/wp\/v2\/media?parent=1666"}],"wp:term":[{"taxonomy":"category","embeddable":true,"href":"https:\/\/musik-in-st-martin.de\/n12\/wp-json\/wp\/v2\/categories?post=1666"},{"taxonomy":"post_tag","embeddable":true,"href":"https:\/\/musik-in-st-martin.de\/n12\/wp-json\/wp\/v2\/tags?post=1666"}],"curies":[{"name":"wp","href":"https:\/\/api.w.org\/{rel}","templated":true}]}}